{"id":620,"date":"2010-06-14T19:38:31","date_gmt":"2010-06-14T18:38:31","guid":{"rendered":"http:\/\/www.joachim-buchholz.de\/Test\/?p=620"},"modified":"2010-09-16T17:32:41","modified_gmt":"2010-09-16T16:32:41","slug":"cc-bundesliga-albstadt-2010-2","status":"publish","type":"post","link":"http:\/\/www.blog.joachim-buchholz.de\/?p=620","title":{"rendered":"CC Bundesliga Albstadt 2010"},"content":{"rendered":"<p>Sabine Spitz und Moritz Milatz haben das Bundesligarennen in Albstadt  gewonnen. Die Olympiasiegerin siegte vor ihrer Teamkollegin Lisi Osl aus  \u00d6sterreich und Annika Langvad aus D\u00e4nemark. Milatz distanzierte  Vorjahressieger Florian Vogel und dessen Schweizer Landsmann Lukas  Fl\u00fcckiger.<\/p>\n<p><span style=\"color: #000000;\">Elite  Herren. Die Erstplatzierten:<\/span><\/p>\n<p>Moritz Milatz:<\/p>\n<div id=\"attachment_1323\" style=\"width: 439px\" class=\"wp-caption alignnone\"><a href=\"http:\/\/www.joachim-buchholz.de\/Test\/wp-content\/uploads\/2010\/06\/Milatz.jpg\" rel=\"lightbox-0\"><img loading=\"lazy\" decoding=\"async\" aria-describedby=\"caption-attachment-1323\" class=\"size-full wp-image-1323 \" title=\"Moritz Milatz \" src=\"http:\/\/www.joachim-buchholz.de\/Test\/wp-content\/uploads\/2010\/06\/Milatz.jpg\" alt=\"Moritz Milatz\" width=\"429\" height=\"643\" srcset=\"http:\/\/www.blog.joachim-buchholz.de\/wp-content\/uploads\/2010\/06\/Milatz.jpg 683w, http:\/\/www.blog.joachim-buchholz.de\/wp-content\/uploads\/2010\/06\/Milatz-200x300.jpg 200w\" sizes=\"(max-width: 429px) 100vw, 429px\" \/><\/a><p id=\"caption-attachment-1323\" class=\"wp-caption-text\">Moritz Milatz <\/p><\/div>\n<p>Florian Vogel:<\/p>\n<p><a href=\"http:\/\/www.joachim-buchholz.de\/Test\/wp-content\/uploads\/2010\/06\/Vogel1.jpg\" rel=\"lightbox-1\"><img loading=\"lazy\" decoding=\"async\" class=\"size-full wp-image-622\" title=\"Vogel Florian\" src=\"http:\/\/www.joachim-buchholz.de\/Test\/wp-content\/uploads\/2010\/06\/Vogel1.jpg\" alt=\"Vogel Florian\" width=\"452\" height=\"678\" srcset=\"http:\/\/www.blog.joachim-buchholz.de\/wp-content\/uploads\/2010\/06\/Vogel1.jpg 628w, http:\/\/www.blog.joachim-buchholz.de\/wp-content\/uploads\/2010\/06\/Vogel1-200x300.jpg 200w\" sizes=\"(max-width: 452px) 100vw, 452px\" \/><\/a><\/p>\n<p>Lukas Flueckiger:<\/p>\n<p><a href=\"http:\/\/www.joachim-buchholz.de\/Test\/wp-content\/uploads\/2010\/06\/Fl_ckiger1.jpg\" rel=\"lightbox-2\"><img loading=\"lazy\" decoding=\"async\" class=\"size-full wp-image-623\" title=\"Flueckiger Lukas\" src=\"http:\/\/www.joachim-buchholz.de\/Test\/wp-content\/uploads\/2010\/06\/Fl_ckiger1.jpg\" alt=\"Flueckiger Lukas\" width=\"452\" height=\"678\" srcset=\"http:\/\/www.blog.joachim-buchholz.de\/wp-content\/uploads\/2010\/06\/Fl_ckiger1.jpg 628w, http:\/\/www.blog.joachim-buchholz.de\/wp-content\/uploads\/2010\/06\/Fl_ckiger1-200x300.jpg 200w\" sizes=\"(max-width: 452px) 100vw, 452px\" \/><\/a><\/p>\n<p>und..<\/p>\n<p>Wolfram Kurschat:<\/p>\n<p><a href=\"http:\/\/www.joachim-buchholz.de\/Test\/wp-content\/uploads\/2010\/06\/Kurschat.jpg\" rel=\"lightbox-3\"><img loading=\"lazy\" decoding=\"async\" class=\"size-full wp-image-624\" title=\"Kurschat Wolfram\" src=\"http:\/\/www.joachim-buchholz.de\/Test\/wp-content\/uploads\/2010\/06\/Kurschat.jpg\" alt=\"Kurschat Wolfram\" width=\"452\" height=\"678\" srcset=\"http:\/\/www.blog.joachim-buchholz.de\/wp-content\/uploads\/2010\/06\/Kurschat.jpg 628w, http:\/\/www.blog.joachim-buchholz.de\/wp-content\/uploads\/2010\/06\/Kurschat-200x300.jpg 200w\" sizes=\"(max-width: 452px) 100vw, 452px\" \/><\/a><\/p>\n<p>Ralph Naef:<\/p>\n<p><a href=\"http:\/\/www.joachim-buchholz.de\/Test\/wp-content\/uploads\/2010\/06\/Naef11.jpg\" rel=\"lightbox-4\"><img loading=\"lazy\" decoding=\"async\" class=\"size-full wp-image-1321  \" title=\"Ralph Naef\" src=\"http:\/\/www.joachim-buchholz.de\/Test\/wp-content\/uploads\/2010\/06\/Naef11.jpg\" alt=\"Ralph Naef\" width=\"448\" height=\"671\" srcset=\"http:\/\/www.blog.joachim-buchholz.de\/wp-content\/uploads\/2010\/06\/Naef11.jpg 683w, http:\/\/www.blog.joachim-buchholz.de\/wp-content\/uploads\/2010\/06\/Naef11-200x300.jpg 200w\" sizes=\"(max-width: 448px) 100vw, 448px\" \/><\/a><br \/>\nThorsten Marx:<\/p>\n<div id=\"attachment_1320\" style=\"width: 464px\" class=\"wp-caption alignnone\"><a href=\"http:\/\/www.joachim-buchholz.de\/Test\/wp-content\/uploads\/2010\/06\/Marx.jpg\" rel=\"lightbox-5\"><img loading=\"lazy\" decoding=\"async\" aria-describedby=\"caption-attachment-1320\" class=\"size-full wp-image-1320 \" title=\"Thorsten Marx\" src=\"http:\/\/www.joachim-buchholz.de\/Test\/wp-content\/uploads\/2010\/06\/Marx.jpg\" alt=\"Thorsten Marx\" width=\"454\" height=\"681\" srcset=\"http:\/\/www.blog.joachim-buchholz.de\/wp-content\/uploads\/2010\/06\/Marx.jpg 683w, http:\/\/www.blog.joachim-buchholz.de\/wp-content\/uploads\/2010\/06\/Marx-200x300.jpg 200w\" sizes=\"(max-width: 454px) 100vw, 454px\" \/><\/a><\/p>\n<p><span style=\"color: #ff0000;\">Elite Damen.<\/span><\/p>\n<p><span style=\"color: #ff0000;\"> Die Erstplatzierten:<\/span><\/p>\n<p>Sabine Spitz:<\/p>\n<p><a href=\"http:\/\/www.joachim-buchholz.de\/Test\/wp-content\/uploads\/2010\/06\/Spitz.jpg\" rel=\"lightbox-6\"><img loading=\"lazy\" decoding=\"async\" aria-describedby=\"caption-attachment-1320\" class=\"size-full wp-image-615\" title=\"Sabine Spitz\" src=\"http:\/\/www.joachim-buchholz.de\/Test\/wp-content\/uploads\/2010\/06\/Spitz.jpg\" alt=\"Sabine Spitz\" width=\"471\" height=\"707\" srcset=\"http:\/\/www.blog.joachim-buchholz.de\/wp-content\/uploads\/2010\/06\/Spitz.jpg 628w, http:\/\/www.blog.joachim-buchholz.de\/wp-content\/uploads\/2010\/06\/Spitz-200x300.jpg 200w\" sizes=\"(max-width: 471px) 100vw, 471px\" \/><\/a><\/p>\n<p>&#8211;<\/p>\n<div class=\"mceTemp\">\n<dl id=\"attachment_1314\" class=\"wp-caption alignnone\" style=\"width: 470px;\">\n<dt class=\"wp-caption-dt\"><a href=\"http:\/\/www.joachim-buchholz.de\/Test\/wp-content\/uploads\/2010\/06\/Spitz-2.jpg\" rel=\"lightbox-7\"><img loading=\"lazy\" decoding=\"async\" aria-describedby=\"caption-attachment-1320\" class=\"size-full wp-image-1314\" title=\"Spitz-2\" src=\"http:\/\/www.joachim-buchholz.de\/Test\/wp-content\/uploads\/2010\/06\/Spitz-2.jpg\" alt=\"Sabine Spitz\" width=\"460\" height=\"689\" srcset=\"http:\/\/www.blog.joachim-buchholz.de\/wp-content\/uploads\/2010\/06\/Spitz-2.jpg 683w, http:\/\/www.blog.joachim-buchholz.de\/wp-content\/uploads\/2010\/06\/Spitz-2-200x300.jpg 200w\" sizes=\"(max-width: 460px) 100vw, 460px\" \/><\/a><\/dt>\n<\/dl>\n<\/div>\n<p>mit Tune Naben \ud83d\ude42<\/p>\n<p>Elisabeth Osl:<\/p>\n<p><a href=\"http:\/\/www.joachim-buchholz.de\/Test\/wp-content\/uploads\/2010\/06\/Osl_2.jpg\" rel=\"lightbox-8\"> <img loading=\"lazy\" decoding=\"async\" aria-describedby=\"caption-attachment-1320\" class=\"size-full wp-image-616\" title=\"Osl Elisabeth\" src=\"http:\/\/www.joachim-buchholz.de\/Test\/wp-content\/uploads\/2010\/06\/Osl_2.jpg\" alt=\"Osl Elisabeth\" width=\"469\" height=\"701\" \/><\/a><\/p>\n<p>Langvad Annika:<\/p>\n<div class=\"mceTemp\">\n<dl id=\"attachment_617\" class=\"wp-caption alignnone\" style=\"width: 462px;\">\n<dt class=\"wp-caption-dt\"><a href=\"http:\/\/www.joachim-buchholz.de\/Test\/wp-content\/uploads\/2010\/06\/Langvad_2.jpg\" rel=\"lightbox-9\"><img loading=\"lazy\" decoding=\"async\" aria-describedby=\"caption-attachment-1320\" class=\"size-full wp-image-617 \" title=\" Langvad Annika\" src=\"http:\/\/www.joachim-buchholz.de\/Test\/wp-content\/uploads\/2010\/06\/Langvad_2.jpg\" alt=\" Langvad Annika\" width=\"452\" height=\"678\" srcset=\"http:\/\/www.blog.joachim-buchholz.de\/wp-content\/uploads\/2010\/06\/Langvad_2.jpg 628w, http:\/\/www.blog.joachim-buchholz.de\/wp-content\/uploads\/2010\/06\/Langvad_2-200x300.jpg 200w\" sizes=\"(max-width: 452px) 100vw, 452px\" \/><\/a><p id=\"caption-attachment-1320\" class=\"wp-caption-text\"> <\/p><\/div>\n<p>und..<\/p>\n<p>Mona Eiberweiser:<\/p>\n<p><a href=\"http:\/\/www.joachim-buchholz.de\/Test\/wp-content\/uploads\/2010\/06\/Mona.jpg\" rel=\"lightbox-10\"><img loading=\"lazy\" decoding=\"async\" class=\"size-full wp-image-687  \" title=\"Mona\" src=\"http:\/\/www.joachim-buchholz.de\/Test\/wp-content\/uploads\/2010\/06\/Mona.jpg\" alt=\"Mona\" width=\"453\" height=\"678\" srcset=\"http:\/\/www.blog.joachim-buchholz.de\/wp-content\/uploads\/2010\/06\/Mona.jpg 683w, http:\/\/www.blog.joachim-buchholz.de\/wp-content\/uploads\/2010\/06\/Mona-200x300.jpg 200w\" sizes=\"(max-width: 453px) 100vw, 453px\" \/><\/a><\/p>\n<\/dt>\n<\/dl>\n<\/div>\n<p>Die U23:<\/p>\n<p>U23-Weltmeisterin 2010: Die Schwedin Alexandra Engen:<\/p>\n<p><a href=\"http:\/\/www.joachim-buchholz.de\/Test\/wp-content\/uploads\/2010\/06\/Engen.jpg\" rel=\"lightbox-11\"><img loading=\"lazy\" decoding=\"async\" class=\"size-full wp-image-1329 \" title=\"Alexandra Engen\" src=\"http:\/\/www.joachim-buchholz.de\/Test\/wp-content\/uploads\/2010\/06\/Engen.jpg\" alt=\"Alexandra Engen\" width=\"451\" height=\"678\" srcset=\"http:\/\/www.blog.joachim-buchholz.de\/wp-content\/uploads\/2010\/06\/Engen.jpg 533w, http:\/\/www.blog.joachim-buchholz.de\/wp-content\/uploads\/2010\/06\/Engen-200x300.jpg 200w\" sizes=\"(max-width: 451px) 100vw, 451px\" \/><\/a><\/p>\n<p>Junioren-Weltmeister Michiel van der Heijden:<\/p>\n<p><a href=\"http:\/\/www.joachim-buchholz.de\/Test\/wp-content\/uploads\/2010\/06\/Heijden.jpg\" rel=\"lightbox-12\"><img loading=\"lazy\" decoding=\"async\" class=\"size-full wp-image-1330 \" title=\"Michiel van der Heijden\" src=\"http:\/\/www.joachim-buchholz.de\/Test\/wp-content\/uploads\/2010\/06\/Heijden.jpg\" alt=\"Michiel van der Heijden\" width=\"480\" height=\"720\" srcset=\"http:\/\/www.blog.joachim-buchholz.de\/wp-content\/uploads\/2010\/06\/Heijden.jpg 533w, http:\/\/www.blog.joachim-buchholz.de\/wp-content\/uploads\/2010\/06\/Heijden-200x300.jpg 200w\" sizes=\"(max-width: 480px) 100vw, 480px\" \/><\/a><\/p>\n<p>Hier noch Links zu weiteren Fotos:<\/p>\n<p><a href=\"http:\/\/www.joachim-buchholz.de\/Albstadt\/Junioren\/index.html\" target=\"_self\">http:\/\/www.joachim-buchholz.de\/Albstadt\/Junioren\/index.html<\/a><\/p>\n<p><a title=\"Bundesliga Herren 2010\" href=\"http:\/\/www.joachim-buchholz.de\/Albstadt\/Herren\/index.html\" target=\"_blank\">http:\/\/www.joachim-buchholz.de\/Albstadt\/Herren\/index.html<\/a><\/p>\n<p><a href=\"http:\/\/www.joachim-buchholz.de\/Albstadt\/Damen\/index.html\" target=\"_blank\">http:\/\/www.joachim-buchholz.de\/Albstadt\/Damen\/index.html<\/a><\/p>\n<p>Julien Absalon war leider nicht dabei (1. Platz 2007) :<\/p>\n<div id=\"attachment_1335\" style=\"width: 428px\" class=\"wp-caption alignnone\"><a href=\"http:\/\/www.joachim-buchholz.de\/Test\/wp-content\/uploads\/2010\/06\/Absalon.jpg\" rel=\"lightbox-13\"><img loading=\"lazy\" decoding=\"async\" aria-describedby=\"caption-attachment-1335\" class=\"size-full wp-image-1335\" title=\"Julien Absalon\" src=\"http:\/\/www.joachim-buchholz.de\/Test\/wp-content\/uploads\/2010\/06\/Absalon.jpg\" alt=\"Julien Absalon\" width=\"418\" height=\"800\" srcset=\"http:\/\/www.blog.joachim-buchholz.de\/wp-content\/uploads\/2010\/06\/Absalon.jpg 418w, http:\/\/www.blog.joachim-buchholz.de\/wp-content\/uploads\/2010\/06\/Absalon-157x300.jpg 157w\" sizes=\"(max-width: 418px) 100vw, 418px\" \/><\/a><p id=\"caption-attachment-1335\" class=\"wp-caption-text\">Julien Absalon<\/p><\/div>\n<p>mehr: <a href=\"http:\/\/www.mountainbike-magazin.de\/news\/race-szene\/mtb-bundesliga-albstadt-sabine-spitz-und-moritz-milatz-triumphieren.419763.2.htm\" target=\"_blank\">http:\/\/www.mountainbike-magazin.de\/news\/race-szene\/mtb-bundesliga-albstadt-sabine-spitz-und-moritz-milatz-triumphieren.419763.2.htm<\/a><\/p>\n","protected":false},"excerpt":{"rendered":"<p>Elite Herren &#038; Damen<br \/>\nSabine Spitz und Moritz Milatz haben das Bundesligarennen in Albstadt gewonnen&#8230;<\/p>\n","protected":false},"author":7,"featured_media":0,"comment_status":"open","ping_status":"open","sticky":false,"template":"","format":"standard","meta":{"footnotes":""},"categories":[44,54,36],"tags":[32,27],"class_list":["post-620","post","type-post","status-publish","format-standard","hentry","category-cc-albstadt-2010-rennen","category-gallery","category-rennen","tag-cc-bundesliega-2010","tag-elite-herren"],"_links":{"self":[{"href":"http:\/\/www.blog.joachim-buchholz.de\/index.php?rest_route=\/wp\/v2\/posts\/620"}],"collection":[{"href":"http:\/\/www.blog.joachim-buchholz.de\/index.php?rest_route=\/wp\/v2\/posts"}],"about":[{"href":"http:\/\/www.blog.joachim-buchholz.de\/index.php?rest_route=\/wp\/v2\/types\/post"}],"author":[{"embeddable":true,"href":"http:\/\/www.blog.joachim-buchholz.de\/index.php?rest_route=\/wp\/v2\/users\/7"}],"replies":[{"embeddable":true,"href":"http:\/\/www.blog.joachim-buchholz.de\/index.php?rest_route=%2Fwp%2Fv2%2Fcomments&post=620"}],"version-history":[{"count":41,"href":"http:\/\/www.blog.joachim-buchholz.de\/index.php?rest_route=\/wp\/v2\/posts\/620\/revisions"}],"predecessor-version":[{"id":956,"href":"http:\/\/www.blog.joachim-buchholz.de\/index.php?rest_route=\/wp\/v2\/posts\/620\/revisions\/956"}],"wp:attachment":[{"href":"http:\/\/www.blog.joachim-buchholz.de\/index.php?rest_route=%2Fwp%2Fv2%2Fmedia&parent=620"}],"wp:term":[{"taxonomy":"category","embeddable":true,"href":"http:\/\/www.blog.joachim-buchholz.de\/index.php?rest_route=%2Fwp%2Fv2%2Fcategories&post=620"},{"taxonomy":"post_tag","embeddable":true,"href":"http:\/\/www.blog.joachim-buchholz.de\/index.php?rest_route=%2Fwp%2Fv2%2Ftags&post=620"}],"curies":[{"name":"wp","href":"https:\/\/api.w.org\/{rel}","templated":true}]}}