{"id":57,"date":"2009-12-13T18:35:40","date_gmt":"2009-12-13T17:35:40","guid":{"rendered":"http:\/\/www.joachim-buchholz.de\/Test\/?p=57"},"modified":"2010-09-16T17:03:44","modified_gmt":"2010-09-16T16:03:44","slug":"mountain-bike-blog","status":"publish","type":"post","link":"http:\/\/www.blog.joachim-buchholz.de\/?p=57","title":{"rendered":"Mountain-Bike Blog&#8230;"},"content":{"rendered":"<pre><span style=\"color: #999999;\"><span style=\"color: #333333;\">.<\/span>\r\n\r\n<\/span><\/pre>\n<div id=\"attachment_82\" style=\"width: 614px\" class=\"wp-caption alignnone\"><a title=\"AMS\" href=\"http:\/\/www.joachim-buchholz.de\/Test\/wp-content\/uploads\/2009\/12\/AMS.jpg\" rel=\"lightbox-0\"><img loading=\"lazy\" decoding=\"async\" aria-describedby=\"caption-attachment-82\" class=\"size-full wp-image-82  \" style=\"border: 0px none;\" title=\"AMS\" src=\"http:\/\/www.joachim-buchholz.de\/Test\/wp-content\/uploads\/2009\/12\/AMS.jpg\" alt=\"AMS\" width=\"604\" height=\"386\" \/><\/a><p id=\"caption-attachment-82\" class=\"wp-caption-text\">AMS 125 XT 2009<\/p><\/div>\n<p><span style=\"color: #ff0000;\"><strong> <\/strong><\/span><\/p>\n<p><span style=\"color: #ff0000;\"><strong> <\/strong><\/span><\/p>\n<p><span style=\"color: #ff0000;\"> <\/span><\/p>\n<p>AMS 125 &#8211; Jetzt mit 130 mm Federweg am Heck&#8230;<\/p>\n<p>&#8230;und bis zu 140  mm an der Front zeigt sich das AMS 125 aus der Kategorie All Mountain  besonders dynamisch im Antritt, unerm\u00fcdlich auf langen Strecken und  spritzig in technischen Disziplinen. Alles wollen und alles k\u00f6nnen:  Daf\u00fcr sorgen das effiziente Fahrwerk aus hydrogeformtem High Performance  Aluminium, die ausgewogene Sitzposition, die bei Bedarf verstellbaren  Federgabeln und die griffigen Bremsen mit 180 mm Scheiben, die auch bei  grimmigen Downhills jederzeit Sicherheit und Kontrolle vermitteln.<br \/>\nTechnisch  versierte Piloten bevorzugen ein leichtes Bike von hoher  Rahmenstabilit\u00e4t und mit effizienter Kinematik. Beim AMS 125 finden  Biker einen ausgewogenen und zentralen Sitzplatz vor, der auch f\u00fcr lange  Touren taugt. Durch sein agiles und aktives Fahrverhalten \u00fcberzeugt das  AMS 125 mit seinem perfekt funktionierenden Hinterbau. Daher finden  gerade Alpencrosser und Tourenfahrer im AMS 125 ein ideales Bike &#8211; und  bei Bedarf eines mit hohem Bergabpotenzial.<\/p>\n","protected":false},"excerpt":{"rendered":"<p>AMS 125 &#8211; Jetzt mit 130 mm Federweg am Heck&#8230;<\/p>\n<p>&#8230;und bis zu 140 mm an der Front zeigt sich das AMS 125 aus der Kategorie All Mountain besonders dynamisch im Antritt, unerm\u00fcdlich auf langen Strecken und spritzig in technischen Disziplinen. Alles wollen und alles k\u00f6nnen: Daf\u00fcr sorgen das effiziente Fahrwerk aus hydrogeformtem High Performance Aluminium&#8230;<\/p>\n","protected":false},"author":7,"featured_media":0,"comment_status":"open","ping_status":"open","sticky":false,"template":"","format":"standard","meta":{"footnotes":""},"categories":[4,54],"tags":[152],"class_list":["post-57","post","type-post","status-publish","format-standard","hentry","category-ams","category-gallery","tag-ams"],"_links":{"self":[{"href":"http:\/\/www.blog.joachim-buchholz.de\/index.php?rest_route=\/wp\/v2\/posts\/57"}],"collection":[{"href":"http:\/\/www.blog.joachim-buchholz.de\/index.php?rest_route=\/wp\/v2\/posts"}],"about":[{"href":"http:\/\/www.blog.joachim-buchholz.de\/index.php?rest_route=\/wp\/v2\/types\/post"}],"author":[{"embeddable":true,"href":"http:\/\/www.blog.joachim-buchholz.de\/index.php?rest_route=\/wp\/v2\/users\/7"}],"replies":[{"embeddable":true,"href":"http:\/\/www.blog.joachim-buchholz.de\/index.php?rest_route=%2Fwp%2Fv2%2Fcomments&post=57"}],"version-history":[{"count":39,"href":"http:\/\/www.blog.joachim-buchholz.de\/index.php?rest_route=\/wp\/v2\/posts\/57\/revisions"}],"predecessor-version":[{"id":1429,"href":"http:\/\/www.blog.joachim-buchholz.de\/index.php?rest_route=\/wp\/v2\/posts\/57\/revisions\/1429"}],"wp:attachment":[{"href":"http:\/\/www.blog.joachim-buchholz.de\/index.php?rest_route=%2Fwp%2Fv2%2Fmedia&parent=57"}],"wp:term":[{"taxonomy":"category","embeddable":true,"href":"http:\/\/www.blog.joachim-buchholz.de\/index.php?rest_route=%2Fwp%2Fv2%2Fcategories&post=57"},{"taxonomy":"post_tag","embeddable":true,"href":"http:\/\/www.blog.joachim-buchholz.de\/index.php?rest_route=%2Fwp%2Fv2%2Ftags&post=57"}],"curies":[{"name":"wp","href":"https:\/\/api.w.org\/{rel}","templated":true}]}}