{"id":1819,"date":"2011-08-12T21:33:04","date_gmt":"2011-08-12T20:33:04","guid":{"rendered":"http:\/\/www.joachim-buchholz.de\/Test\/?p=1819"},"modified":"2015-05-25T10:13:19","modified_gmt":"2015-05-25T09:13:19","slug":"lago-di-garda-2011","status":"publish","type":"post","link":"http:\/\/www.blog.joachim-buchholz.de\/?p=1819","title":{"rendered":"Lago di Garda 2011: Tour 1"},"content":{"rendered":"<p>Tour \u00fcber den Passo Nota an den Lago di Ledro und zur\u00fcck \u00fcber den Passo del Tremalzo hinunter ins Tal San Michele:<\/p>\n<p><a href=\"http:\/\/www.joachim-buchholz.de\/Test\/wp-content\/uploads\/2011\/08\/Tour1.jpg\" rel=\"lightbox-0\"><img loading=\"lazy\" decoding=\"async\" class=\"alignnone size-full wp-image-1820\" title=\"Tour1\" src=\"http:\/\/www.joachim-buchholz.de\/Test\/wp-content\/uploads\/2011\/08\/Tour1.jpg\" alt=\"\" width=\"614\" height=\"461\" srcset=\"http:\/\/www.blog.joachim-buchholz.de\/wp-content\/uploads\/2011\/08\/Tour1.jpg 1024w, http:\/\/www.blog.joachim-buchholz.de\/wp-content\/uploads\/2011\/08\/Tour1-300x225.jpg 300w\" sizes=\"(max-width: 614px) 100vw, 614px\" \/><\/a><\/p>\n<p>&nbsp;<\/p>\n<p><a href=\"http:\/\/www.joachim-buchholz.de\/Test\/wp-content\/uploads\/2011\/08\/Tour1_1.jpg\" rel=\"lightbox-1\"><img loading=\"lazy\" decoding=\"async\" class=\"alignnone size-full wp-image-1821\" title=\"Tour1_1\" src=\"http:\/\/www.joachim-buchholz.de\/Test\/wp-content\/uploads\/2011\/08\/Tour1_1.jpg\" alt=\"\" width=\"614\" height=\"819\" srcset=\"http:\/\/www.blog.joachim-buchholz.de\/wp-content\/uploads\/2011\/08\/Tour1_1.jpg 1024w, http:\/\/www.blog.joachim-buchholz.de\/wp-content\/uploads\/2011\/08\/Tour1_1-225x300.jpg 225w, http:\/\/www.blog.joachim-buchholz.de\/wp-content\/uploads\/2011\/08\/Tour1_1-768x1024.jpg 768w\" sizes=\"(max-width: 614px) 100vw, 614px\" \/><\/a><\/p>\n<p>&nbsp;<\/p>\n<p><a href=\"http:\/\/www.joachim-buchholz.de\/Test\/wp-content\/uploads\/2011\/08\/Tour1_1-2.jpg\" rel=\"lightbox-2\"><img loading=\"lazy\" decoding=\"async\" class=\"alignnone size-full wp-image-1822\" title=\"Tour1_1-2\" src=\"http:\/\/www.joachim-buchholz.de\/Test\/wp-content\/uploads\/2011\/08\/Tour1_1-2.jpg\" alt=\"\" width=\"614\" height=\"461\" srcset=\"http:\/\/www.blog.joachim-buchholz.de\/wp-content\/uploads\/2011\/08\/Tour1_1-2.jpg 1024w, http:\/\/www.blog.joachim-buchholz.de\/wp-content\/uploads\/2011\/08\/Tour1_1-2-300x225.jpg 300w\" sizes=\"(max-width: 614px) 100vw, 614px\" \/><\/a><\/p>\n<p>&nbsp;<\/p>\n<p>Lago di Ledro:<\/p>\n<p><a href=\"http:\/\/www.joachim-buchholz.de\/Test\/wp-content\/uploads\/2011\/08\/Tour1_2.jpg\" rel=\"lightbox-3\"><img loading=\"lazy\" decoding=\"async\" class=\"alignnone size-full wp-image-1823\" title=\"Tour1_2\" src=\"http:\/\/www.joachim-buchholz.de\/Test\/wp-content\/uploads\/2011\/08\/Tour1_2.jpg\" alt=\"\" width=\"614\" height=\"461\" srcset=\"http:\/\/www.blog.joachim-buchholz.de\/wp-content\/uploads\/2011\/08\/Tour1_2.jpg 1024w, http:\/\/www.blog.joachim-buchholz.de\/wp-content\/uploads\/2011\/08\/Tour1_2-300x225.jpg 300w\" sizes=\"(max-width: 614px) 100vw, 614px\" \/><\/a><\/p>\n<p>&nbsp;<\/p>\n<p><a href=\"http:\/\/www.joachim-buchholz.de\/Test\/wp-content\/uploads\/2011\/08\/Tour1_3.jpg\" rel=\"lightbox-4\"><img loading=\"lazy\" decoding=\"async\" class=\"alignnone size-full wp-image-1824\" title=\"Tour1_3\" src=\"http:\/\/www.joachim-buchholz.de\/Test\/wp-content\/uploads\/2011\/08\/Tour1_3.jpg\" alt=\"\" width=\"614\" height=\"461\" srcset=\"http:\/\/www.blog.joachim-buchholz.de\/wp-content\/uploads\/2011\/08\/Tour1_3.jpg 1024w, http:\/\/www.blog.joachim-buchholz.de\/wp-content\/uploads\/2011\/08\/Tour1_3-300x225.jpg 300w\" sizes=\"(max-width: 614px) 100vw, 614px\" \/><\/a><\/p>\n<p><a href=\"http:\/\/www.joachim-buchholz.de\/Test\/wp-content\/uploads\/2011\/08\/Tour1_4.jpg\" rel=\"lightbox-5\"><img loading=\"lazy\" decoding=\"async\" class=\"alignnone size-full wp-image-1825\" title=\"Tour1_4\" src=\"http:\/\/www.joachim-buchholz.de\/Test\/wp-content\/uploads\/2011\/08\/Tour1_4.jpg\" alt=\"\" width=\"614\" height=\"461\" srcset=\"http:\/\/www.blog.joachim-buchholz.de\/wp-content\/uploads\/2011\/08\/Tour1_4.jpg 1024w, http:\/\/www.blog.joachim-buchholz.de\/wp-content\/uploads\/2011\/08\/Tour1_4-300x225.jpg 300w\" sizes=\"(max-width: 614px) 100vw, 614px\" \/><\/a><\/p>\n<p>&nbsp;<\/p>\n<p>Weg zum Tremalzo:<\/p>\n<p><a href=\"http:\/\/www.joachim-buchholz.de\/Test\/wp-content\/uploads\/2011\/08\/Tour1_5.jpg\" rel=\"lightbox-6\"><img loading=\"lazy\" decoding=\"async\" class=\"alignnone size-full wp-image-1826\" title=\"Tour1_5\" src=\"http:\/\/www.joachim-buchholz.de\/Test\/wp-content\/uploads\/2011\/08\/Tour1_5.jpg\" alt=\"\" width=\"614\" height=\"461\" srcset=\"http:\/\/www.blog.joachim-buchholz.de\/wp-content\/uploads\/2011\/08\/Tour1_5.jpg 1024w, http:\/\/www.blog.joachim-buchholz.de\/wp-content\/uploads\/2011\/08\/Tour1_5-300x225.jpg 300w\" sizes=\"(max-width: 614px) 100vw, 614px\" \/><\/a><\/p>\n<p>&nbsp;<\/p>\n<p>Pl\u00f6tzlich waren die Wolken da:<\/p>\n<p><a href=\"http:\/\/www.joachim-buchholz.de\/Test\/wp-content\/uploads\/2011\/08\/Tour1_6.jpg\" rel=\"lightbox-7\"><img loading=\"lazy\" decoding=\"async\" class=\"alignnone size-full wp-image-1827\" title=\"Tour1_6\" src=\"http:\/\/www.joachim-buchholz.de\/Test\/wp-content\/uploads\/2011\/08\/Tour1_6.jpg\" alt=\"\" width=\"614\" height=\"461\" srcset=\"http:\/\/www.blog.joachim-buchholz.de\/wp-content\/uploads\/2011\/08\/Tour1_6.jpg 1024w, http:\/\/www.blog.joachim-buchholz.de\/wp-content\/uploads\/2011\/08\/Tour1_6-300x225.jpg 300w\" sizes=\"(max-width: 614px) 100vw, 614px\" \/><\/a><\/p>\n<p>&nbsp;<\/p>\n<p><iframe loading=\"lazy\" src=\"http:\/\/connect.garmin.com:80\/activity\/embed\/105734443\" width=\"465\" height=\"548\" frameborder=\"0\"><\/iframe><\/p>\n","protected":false},"excerpt":{"rendered":"<p>Tour \u00fcber den Passo Nota an den Lago di Ledro und zur\u00fcck \u00fcber den Passo del Tremalzo hinunter ins Tal San Michele: &nbsp; &nbsp; &nbsp; Lago di Ledro: &nbsp; &nbsp; Weg zum Tremalzo: &nbsp; Pl\u00f6tzlich waren die Wolken da: &nbsp;<\/p>\n","protected":false},"author":7,"featured_media":0,"comment_status":"open","ping_status":"closed","sticky":false,"template":"","format":"standard","meta":{"footnotes":""},"categories":[54,128,135],"tags":[158],"class_list":["post-1819","post","type-post","status-publish","format-standard","hentry","category-gallery","category-lago-di-garda","category-lago-di-garda-2011-lago-di-garda","tag-lago-di-garda-2011"],"_links":{"self":[{"href":"http:\/\/www.blog.joachim-buchholz.de\/index.php?rest_route=\/wp\/v2\/posts\/1819"}],"collection":[{"href":"http:\/\/www.blog.joachim-buchholz.de\/index.php?rest_route=\/wp\/v2\/posts"}],"about":[{"href":"http:\/\/www.blog.joachim-buchholz.de\/index.php?rest_route=\/wp\/v2\/types\/post"}],"author":[{"embeddable":true,"href":"http:\/\/www.blog.joachim-buchholz.de\/index.php?rest_route=\/wp\/v2\/users\/7"}],"replies":[{"embeddable":true,"href":"http:\/\/www.blog.joachim-buchholz.de\/index.php?rest_route=%2Fwp%2Fv2%2Fcomments&post=1819"}],"version-history":[{"count":12,"href":"http:\/\/www.blog.joachim-buchholz.de\/index.php?rest_route=\/wp\/v2\/posts\/1819\/revisions"}],"predecessor-version":[{"id":2689,"href":"http:\/\/www.blog.joachim-buchholz.de\/index.php?rest_route=\/wp\/v2\/posts\/1819\/revisions\/2689"}],"wp:attachment":[{"href":"http:\/\/www.blog.joachim-buchholz.de\/index.php?rest_route=%2Fwp%2Fv2%2Fmedia&parent=1819"}],"wp:term":[{"taxonomy":"category","embeddable":true,"href":"http:\/\/www.blog.joachim-buchholz.de\/index.php?rest_route=%2Fwp%2Fv2%2Fcategories&post=1819"},{"taxonomy":"post_tag","embeddable":true,"href":"http:\/\/www.blog.joachim-buchholz.de\/index.php?rest_route=%2Fwp%2Fv2%2Ftags&post=1819"}],"curies":[{"name":"wp","href":"https:\/\/api.w.org\/{rel}","templated":true}]}}